{"id":5195,"date":"2026-03-19T18:31:04","date_gmt":"2026-03-19T10:31:04","guid":{"rendered":"https:\/\/pt.gneenev.com\/?p=5195"},"modified":"2026-03-19T18:31:04","modified_gmt":"2026-03-19T10:31:04","slug":"xpeng-p7-2026-2","status":"publish","type":"post","link":"https:\/\/pt.gneenev.com\/cy\/product\/xpeng-p7-2026-2.html","title":{"rendered":"Xpeng P7 2026"},"content":{"rendered":"<p style=\"text-align: center;\"><img decoding=\"async\" src=\"https:\/\/pt.gneenev.com\/wp-content\/uploads\/2026\/03\/39341773915979.webp\"\/><\/p>\n<p><\/p>\n<h2><strong data-start=\"0\" data-end=\"90\">Design exterior: XMART FACE redefine a identidade, com um visual futurista consistente<\/strong><\/h2>\n<p data-start=\"0\" data-end=\"605\"><b><br data-start=\"90\" data-end=\"93\"\/><\/b>A dianteira do <a href=\"https:\/\/pt.gneenev.com\/cy\/?s=Xpeng &#038;cat=3\" target=\"_self\" rel=\"noopener\"><strong>Xpeng <\/strong><\/a><strong>P7<\/strong> adota a nova linguagem de design da fam\u00edlia XMART FACE, estabelecendo uma base tecnol\u00f3gica t\u00edpica de ve\u00edculos 100% el\u00e9tricos com sua grade fechada, rompendo completamente com a homogeneiza\u00e7\u00e3o do design. O logotipo plano e perfeitamente integrado, pioneiro na ind\u00fastria, torna-se o n\u00facleo visual: discreto e profundo quando apagado, e limpo e sofisticado quando iluminado, complementando perfeitamente a faixa luminosa cont\u00ednua em forma de asa, garantindo alt\u00edssima visibilidade \u00e0 noite.<\/p>\n<p data-start=\"0\" data-end=\"605\"><\/p>\n<p data-start=\"607\" data-end=\"1415\">O conjunto \u00f3ptico apresenta um design refinado e exclusivo: a faixa luminosa horizontal se encontra com as luzes diurnas verticais nas extremidades, enquanto os far\u00f3is de LED matriciais ficam integrados de forma discreta, alcan\u00e7ando uma perfeita fus\u00e3o entre funcionalidade e est\u00e9tica. O para-choque dianteiro conta com grade ativa de admiss\u00e3o de ar, que ajusta automaticamente a abertura conforme a necessidade de resfriamento. Combinado com radar milim\u00e9trico oculto e suporte de placa flutuante, revela riqueza de detalhes dentro de um design minimalista. A entrada de ar inferior com estrutura em favo de mel em tr\u00eas se\u00e7\u00f5es, acompanhada de acabamentos prateados, adiciona um toque esportivo ao conjunto tecnol\u00f3gico, fazendo com que o ve\u00edculo seja reconhecido como um verdadeiro \u201cs\u00edmbolo m\u00f3vel do futuro\u201d.<\/p>\n<p data-start=\"607\" data-end=\"1415\"><\/p>\n<p data-start=\"1417\" data-end=\"2337\">A lateral do ve\u00edculo segue o conceito de superf\u00edcies minimalistas, com uma \u00fanica linha de cintura que se estende do para-lama dianteiro at\u00e9 as lanternas traseiras, desenhando uma silhueta fastback elegante e fluida. As colunas A e B escurecidas, combinadas com molduras cromadas das janelas, criam o efeito de teto flutuante, enquanto o acabamento no para-lama dianteiro integra discretamente a c\u00e2mera lateral, unindo funcionalidade e est\u00e9tica. Toda a linha vem equipada com rodas de 20 polegadas: a vers\u00e3o com tra\u00e7\u00e3o traseira adota um design de baixa resist\u00eancia aerodin\u00e2mica com pin\u00e7as de freio pretas, enquanto a vers\u00e3o com tra\u00e7\u00e3o integral traz rodas esportivas e pin\u00e7as em laranja vibrante, refor\u00e7ando ainda mais o car\u00e1ter esportivo. Com dimens\u00f5es de 5017\u00d71970\u00d71427 mm e entre-eixos de 3008 mm, o modelo supera amplamente o <a href=\"https:\/\/pt.gneenev.com\/cy\/?s=tesla&#038;cat=3\" target=\"_self\" rel=\"noopener\"><strong>Tesla Model 3<\/strong><\/a> na mesma faixa de pre\u00e7o, destacando-se tanto em presen\u00e7a quanto em espa\u00e7o interno.<\/p>\n<p data-start=\"1417\" data-end=\"2337\"><\/p>\n<p data-start=\"2339\" data-end=\"2777\">A traseira dialoga com o design frontal, com lanternas cont\u00ednuas de disposi\u00e7\u00e3o interna sofisticada, que suportam efeitos de ilumina\u00e7\u00e3o din\u00e2mica. Opcionalmente, h\u00e1 um aerof\u00f3lio traseiro el\u00e9trico com ajuste em 10 n\u00edveis, que se eleva automaticamente em altas velocidades para aumentar a for\u00e7a descendente. O coeficiente aerodin\u00e2mico extremamente baixo n\u00e3o apenas melhora a autonomia, mas tamb\u00e9m intensifica o car\u00e1ter esportivo do ve\u00edculo.<\/p>\n<p data-start=\"2339\" data-end=\"2777\"><\/p>\n<p data-start=\"2339\" data-end=\"2777\"><\/p>\n<h2><strong data-start=\"2779\" data-end=\"2884\">Interior: materiais premium aliados \u00e0 intera\u00e7\u00e3o inteligente, criando um espa\u00e7o imersivo de mobilidade<\/strong><\/h2>\n<p data-start=\"2779\" data-end=\"3335\"><b><br data-start=\"2884\" data-end=\"2887\"\/><\/b>O interior da cabine utiliza revestimento completo em couro com costuras refinadas, al\u00e9m de novas op\u00e7\u00f5es de acabamento em madeira natural de freixo branco e alum\u00ednio aeron\u00e1utico, elevando significativamente a sensa\u00e7\u00e3o de qualidade. Os bancos combinam couro Nappa com material Ultrasuede tipo camur\u00e7a, e os bancos dianteiros oferecem ajuste el\u00e9trico em 16 posi\u00e7\u00f5es, al\u00e9m de aquecimento, ventila\u00e7\u00e3o e fun\u00e7\u00e3o de massagem, garantindo m\u00e1ximo conforto.<\/p>\n<p data-start=\"2779\" data-end=\"3335\"><\/p>\n<p data-start=\"3337\" data-end=\"3976\">A tela central flutuante de 14,96 polegadas com resolu\u00e7\u00e3o 2.5K foi atualizada para tecnologia OLED, proporcionando excelente qualidade de imagem. O painel digital de 10,25 polegadas suporta proje\u00e7\u00e3o de navega\u00e7\u00e3o AR em tempo real, elevando a experi\u00eancia tecnol\u00f3gica a um novo n\u00edvel. Os usu\u00e1rios tamb\u00e9m podem optar por uma tela de entretenimento para o passageiro dianteiro, com conex\u00e3o independente a fones Bluetooth, equilibrando perfeitamente condu\u00e7\u00e3o e entretenimento. Os bancos traseiros v\u00eam de s\u00e9rie com aquecimento, garantindo conforto tanto para os passageiros da frente quanto de tr\u00e1s, atendendo \u00e0s necessidades de toda a fam\u00edlia.<\/p>\n<p data-start=\"3337\" data-end=\"3976\"><\/p>\n<p data-start=\"3978\" data-end=\"4101\" data-is-last-node=\"\" data-is-only-node=\"\"><a href=\"https:\/\/api.whatsapp.com\/send?phone=8618437960706\" target=\"_self\" rel=\"noopener\"><strong data-start=\"3978\" data-end=\"4101\" data-is-last-node=\"\">Para quem tem interesse no pre\u00e7o e nas configura\u00e7\u00f5es do Xpeng P7, entre em contato conosco para obter mais informa\u00e7\u00f5es.<\/strong><\/a><\/p>\n<p><\/p>","protected":false},"excerpt":{"rendered":"<p>Design exterior: XMART FACE redefine a identidade, com um visual futurista consistente A dianteira do Xpeng P7 adota a nova linguagem de design da fam\u00edlia XMART FACE, estabelecendo uma base tecnol\u00f3gica t\u00edpica de ve\u00edculos 100% el\u00e9tricos com sua grade fechada, rompendo completamente com a homogeneiza\u00e7\u00e3o do design. O logotipo plano e perfeitamente integrado, pioneiro na ind\u00fastria, torna-se o n\u00facleo visual: discreto e profundo quando apagado, e limpo e sofisticado quando iluminado, complementando perfeitamente a faixa luminosa cont\u00ednua em forma de asa, garantindo alt\u00edssima visibilidade \u00e0 noite. O conjunto \u00f3ptico apresenta um design refinado e exclusivo: a faixa luminosa horizontal se encontra com as luzes diurnas verticais nas extremidades, enquanto os far\u00f3is de LED matriciais ficam integrados de forma discreta, alcan\u00e7ando uma perfeita fus\u00e3o entre funcionalidade e est\u00e9tica. O para-choque dianteiro conta com grade ativa de admiss\u00e3o de ar, que ajusta automaticamente a abertura conforme a necessidade de resfriamento. Combinado com radar milim\u00e9trico oculto e suporte de placa flutuante, revela riqueza de detalhes dentro de um design minimalista. A entrada de ar inferior com estrutura em favo de mel em tr\u00eas se\u00e7\u00f5es, acompanhada de acabamentos prateados, adiciona um toque esportivo ao conjunto tecnol\u00f3gico, fazendo com que o ve\u00edculo seja reconhecido como um verdadeiro \u201cs\u00edmbolo m\u00f3vel do futuro\u201d. A lateral do ve\u00edculo segue o conceito de superf\u00edcies minimalistas, com uma \u00fanica linha [&hellip;]<\/p>","protected":false},"author":1,"featured_media":5198,"comment_status":"open","ping_status":"open","sticky":false,"template":"","format":"standard","meta":{"footnotes":""},"categories":[16,3,15],"tags":[],"acf":[],"_links":{"self":[{"href":"https:\/\/pt.gneenev.com\/cy\/wp-json\/wp\/v2\/posts\/5195"}],"collection":[{"href":"https:\/\/pt.gneenev.com\/cy\/wp-json\/wp\/v2\/posts"}],"about":[{"href":"https:\/\/pt.gneenev.com\/cy\/wp-json\/wp\/v2\/types\/post"}],"author":[{"embeddable":true,"href":"https:\/\/pt.gneenev.com\/cy\/wp-json\/wp\/v2\/users\/1"}],"replies":[{"embeddable":true,"href":"https:\/\/pt.gneenev.com\/cy\/wp-json\/wp\/v2\/comments?post=5195"}],"version-history":[{"count":1,"href":"https:\/\/pt.gneenev.com\/cy\/wp-json\/wp\/v2\/posts\/5195\/revisions"}],"predecessor-version":[{"id":5211,"href":"https:\/\/pt.gneenev.com\/cy\/wp-json\/wp\/v2\/posts\/5195\/revisions\/5211"}],"wp:featuredmedia":[{"embeddable":true,"href":"https:\/\/pt.gneenev.com\/cy\/wp-json\/wp\/v2\/media\/5198"}],"wp:attachment":[{"href":"https:\/\/pt.gneenev.com\/cy\/wp-json\/wp\/v2\/media?parent=5195"}],"wp:term":[{"taxonomy":"category","embeddable":true,"href":"https:\/\/pt.gneenev.com\/cy\/wp-json\/wp\/v2\/categories?post=5195"},{"taxonomy":"post_tag","embeddable":true,"href":"https:\/\/pt.gneenev.com\/cy\/wp-json\/wp\/v2\/tags?post=5195"}],"curies":[{"name":"wp","href":"https:\/\/api.w.org\/{rel}","templated":true}]}}