{"id":5894,"date":"2026-04-28T18:09:58","date_gmt":"2026-04-28T10:09:58","guid":{"rendered":"https:\/\/pt.gneenev.com\/?p=5894"},"modified":"2026-04-28T18:09:58","modified_gmt":"2026-04-28T10:09:58","slug":"avatr-06t-2026","status":"publish","type":"post","link":"https:\/\/pt.gneenev.com\/cy\/product\/avatr-06t-2026.html","title":{"rendered":"Avatr 06T 2026"},"content":{"rendered":"<p style=\"text-align: center;\"><img decoding=\"async\" src=\"https:\/\/pt.gneenev.com\/wp-content\/uploads\/2026\/04\/77341777370913.webp\"\/><\/p>\n<p><\/p>\n<p data-start=\"0\" data-end=\"373\">O Avatr 06T 2026, desde a sua estreia, conquistou in\u00fameros f\u00e3s gra\u00e7as ao seu design shooting brake altamente reconhec\u00edvel. Este novo modelo n\u00e3o apenas d\u00e1 continuidade completa \u00e0 linguagem de design familiar ic\u00f4nica da marca Avatr, como tamb\u00e9m, no refinamento dos detalhes, expressa de forma v\u00edvida a eleg\u00e2ncia exclusiva e o car\u00e1ter esportivo pr\u00f3prios desse tipo de ve\u00edculo.<\/p>\n<p data-start=\"0\" data-end=\"373\"><\/p>\n<p data-start=\"375\" data-end=\"1362\">Na dianteira, os far\u00f3is caracter\u00edsticos em formato de \u201cF\u201d s\u00e3o o absoluto destaque visual. As linhas afiadas delineiam uma postura esportiva extremamente agressiva, e, quando iluminados, elevam ao m\u00e1ximo o reconhecimento do ve\u00edculo. A grade frontal fechada, t\u00edpica dos ve\u00edculos de nova energia, combinada com entradas de ar ativas com ajuste inteligente, pode adaptar automaticamente o \u00e2ngulo de abertura conforme o estado de condu\u00e7\u00e3o em tempo real, garantindo as necessidades de dissipa\u00e7\u00e3o t\u00e9rmica e, ao mesmo tempo, otimizando o desempenho aerodin\u00e2mico do ve\u00edculo. O grande destaque fica por conta do LiDAR de nova gera\u00e7\u00e3o de 896 linhas da Huawei, instalado na parte frontal do teto. Ele n\u00e3o aparece como um elemento intrusivo, mas se integra perfeitamente \u00e0s linhas fluidas do teto, como um verdadeiro \u201colho inteligente\u201d, elevando significativamente a sensa\u00e7\u00e3o tecnol\u00f3gica e fornecendo suporte de percep\u00e7\u00e3o altamente avan\u00e7ado para sistemas de condu\u00e7\u00e3o inteligente em todos os cen\u00e1rios.<\/p>\n<p data-start=\"375\" data-end=\"1362\"><\/p>\n<p data-start=\"1364\" data-end=\"2284\">Ao olhar para a lateral, \u00e9 aqui que se revela o verdadeiro charme do Avatr 06T como shooting brake. As dimens\u00f5es de 4940mm \u00d7 1960mm \u00d7 1475mm, combinadas com a longa dist\u00e2ncia entre eixos de 2940mm, criam uma postura esportiva alongada e rebaixada. A cl\u00e1ssica configura\u00e7\u00e3o de balan\u00e7os curtos dianteiro e traseiro com longa dist\u00e2ncia entre eixos proporciona propor\u00e7\u00f5es perfeitas, eliminando completamente a sensa\u00e7\u00e3o pesada dos tradicionais station wagons, e combinando de forma ideal a agilidade de um coup\u00e9 com a praticidade de uma perua. As colunas A e B escurecidas, juntamente com o design de teto flutuante, alongam visualmente as linhas laterais, tornando o ve\u00edculo ainda mais elegante. As ma\u00e7anetas semi-ocultas el\u00e9tricas e os retrovisores externos eletr\u00f4nicos de alta defini\u00e7\u00e3o n\u00e3o apenas refor\u00e7am a sensa\u00e7\u00e3o tecnol\u00f3gica, mas tamb\u00e9m reduzem efetivamente a resist\u00eancia ao ar, equilibrando est\u00e9tica e funcionalidade.<\/p>\n<p data-start=\"1364\" data-end=\"2284\"><\/p>\n<p data-start=\"2286\" data-end=\"3481\">A traseira pode ser considerada o toque final do design do Avatr 06T. O contorno cheio e robusto da parte traseira \u00e9 at\u00e9 carinhosamente chamado por alguns entusiastas de \u201ctraseira sexy elevada\u201d. As lanternas traseiras em LED cont\u00ednuas, tend\u00eancia atual, apresentam um acabamento premium exclusivo no modelo, com largura equilibrada e um efeito luminoso n\u00edtido e sofisticado ap\u00f3s acesas, garantindo alta visibilidade \u00e0 noite. O design de duplo aerof\u00f3lio \u00e9 outro grande destaque: o spoiler superior no teto e o difusor inferior criam uma harmonia perfeita, refor\u00e7ando o car\u00e1ter esportivo e reduzindo efetivamente a sustenta\u00e7\u00e3o do eixo traseiro em altas velocidades, melhorando significativamente a estabilidade. As linhas traseiras s\u00e3o limpas e diretas, sem elementos decorativos redundantes, mantendo consist\u00eancia com o design frontal e lateral. O amplo vidro traseiro, aliado ao limpador de s\u00e9rie, garante excelente visibilidade em diversas condi\u00e7\u00f5es clim\u00e1ticas. Al\u00e9m disso, o porta-malas possui capacidade padr\u00e3o de 517L, com os bancos traseiros rebat\u00edveis na propor\u00e7\u00e3o 60:40, podendo expandir at\u00e9 1680L, atendendo perfeitamente tanto \u00e0s necessidades di\u00e1rias quanto a viagens de longa dist\u00e2ncia.<\/p>\n<p data-start=\"2286\" data-end=\"3481\"><\/p>\n<p data-start=\"3483\" data-end=\"4524\">Ao entrar no interior, o Avatr 06T adota o conceito de \u201cluxo inteligente + conforto em todos os cen\u00e1rios\u201d, com um layout panor\u00e2mico envolvente. O estilo geral \u00e9 simples e elegante, ao mesmo tempo em que maximiza a atmosfera tecnol\u00f3gica, atendendo com precis\u00e3o \u00e0s necessidades dos usu\u00e1rios jovens e familiares. O interior conta com uma combina\u00e7\u00e3o de telas: um display panor\u00e2mico 4K de 35,4 polegadas e uma tela central de 15,6 polegadas. O sistema embarcado HarmonySpace 5 da Huawei, combinado com o assistente de grande modelo MoLA, suporta controle por voz em todos os cen\u00e1rios, atualiza\u00e7\u00f5es OTA completas do ve\u00edculo e navega\u00e7\u00e3o AR, entre outras fun\u00e7\u00f5es. A opera\u00e7\u00e3o do sistema \u00e9 fluida e a resposta aos comandos \u00e9 r\u00e1pida e precisa. Gra\u00e7as \u00e0 longa dist\u00e2ncia entre eixos de 2940mm, o espa\u00e7o interno \u00e9 bastante amplo. O ve\u00edculo adota configura\u00e7\u00e3o de cinco lugares, com otimiza\u00e7\u00e3o espec\u00edfica para o conforto dos ocupantes dianteiros e traseiros, proporcionando uma experi\u00eancia est\u00e1vel e confort\u00e1vel tanto no uso di\u00e1rio quanto em viagens longas.<\/p>\n<p data-start=\"3483\" data-end=\"4524\"><\/p>\n<p data-start=\"4526\" data-end=\"4636\" data-is-last-node=\"\" data-is-only-node=\"\"><a href=\"https:\/\/api.whatsapp.com\/send?phone=8618437960706\" target=\"_self\" rel=\"noopener\"><strong>Se voc\u00ea quiser saber mais sobre o pre\u00e7o e as configura\u00e7\u00f5es do Avatr 06T, entre em contato conosco agora mesmo!<\/strong><\/a><\/p>\n<p><\/p>","protected":false},"excerpt":{"rendered":"<p>O Avatr 06T 2026, desde a sua estreia, conquistou in\u00fameros f\u00e3s gra\u00e7as ao seu design shooting brake altamente reconhec\u00edvel. Este novo modelo n\u00e3o apenas d\u00e1 continuidade completa \u00e0 linguagem de design familiar ic\u00f4nica da marca Avatr, como tamb\u00e9m, no refinamento dos detalhes, expressa de forma v\u00edvida a eleg\u00e2ncia exclusiva e o car\u00e1ter esportivo pr\u00f3prios desse tipo de ve\u00edculo. Na dianteira, os far\u00f3is caracter\u00edsticos em formato de \u201cF\u201d s\u00e3o o absoluto destaque visual. As linhas afiadas delineiam uma postura esportiva extremamente agressiva, e, quando iluminados, elevam ao m\u00e1ximo o reconhecimento do ve\u00edculo. A grade frontal fechada, t\u00edpica dos ve\u00edculos de nova energia, combinada com entradas de ar ativas com ajuste inteligente, pode adaptar automaticamente o \u00e2ngulo de abertura conforme o estado de condu\u00e7\u00e3o em tempo real, garantindo as necessidades de dissipa\u00e7\u00e3o t\u00e9rmica e, ao mesmo tempo, otimizando o desempenho aerodin\u00e2mico do ve\u00edculo. O grande destaque fica por conta do LiDAR de nova gera\u00e7\u00e3o de 896 linhas da Huawei, instalado na parte frontal do teto. Ele n\u00e3o aparece como um elemento intrusivo, mas se integra perfeitamente \u00e0s linhas fluidas do teto, como um verdadeiro \u201colho inteligente\u201d, elevando significativamente a sensa\u00e7\u00e3o tecnol\u00f3gica e fornecendo suporte de percep\u00e7\u00e3o altamente avan\u00e7ado para sistemas de condu\u00e7\u00e3o inteligente em todos os cen\u00e1rios. Ao olhar para a lateral, \u00e9 aqui que se revela o verdadeiro charme do Avatr [&hellip;]<\/p>","protected":false},"author":1,"featured_media":5896,"comment_status":"open","ping_status":"open","sticky":false,"template":"","format":"standard","meta":{"footnotes":""},"categories":[16,3,15],"tags":[],"acf":[],"_links":{"self":[{"href":"https:\/\/pt.gneenev.com\/cy\/wp-json\/wp\/v2\/posts\/5894"}],"collection":[{"href":"https:\/\/pt.gneenev.com\/cy\/wp-json\/wp\/v2\/posts"}],"about":[{"href":"https:\/\/pt.gneenev.com\/cy\/wp-json\/wp\/v2\/types\/post"}],"author":[{"embeddable":true,"href":"https:\/\/pt.gneenev.com\/cy\/wp-json\/wp\/v2\/users\/1"}],"replies":[{"embeddable":true,"href":"https:\/\/pt.gneenev.com\/cy\/wp-json\/wp\/v2\/comments?post=5894"}],"version-history":[{"count":1,"href":"https:\/\/pt.gneenev.com\/cy\/wp-json\/wp\/v2\/posts\/5894\/revisions"}],"predecessor-version":[{"id":5909,"href":"https:\/\/pt.gneenev.com\/cy\/wp-json\/wp\/v2\/posts\/5894\/revisions\/5909"}],"wp:featuredmedia":[{"embeddable":true,"href":"https:\/\/pt.gneenev.com\/cy\/wp-json\/wp\/v2\/media\/5896"}],"wp:attachment":[{"href":"https:\/\/pt.gneenev.com\/cy\/wp-json\/wp\/v2\/media?parent=5894"}],"wp:term":[{"taxonomy":"category","embeddable":true,"href":"https:\/\/pt.gneenev.com\/cy\/wp-json\/wp\/v2\/categories?post=5894"},{"taxonomy":"post_tag","embeddable":true,"href":"https:\/\/pt.gneenev.com\/cy\/wp-json\/wp\/v2\/tags?post=5894"}],"curies":[{"name":"wp","href":"https:\/\/api.w.org\/{rel}","templated":true}]}}