{"id":5617,"date":"2026-04-13T18:01:38","date_gmt":"2026-04-13T10:01:38","guid":{"rendered":"https:\/\/pt.gneenev.com\/?p=5617"},"modified":"2026-04-13T18:05:22","modified_gmt":"2026-04-13T10:05:22","slug":"buick-electra-e7-2026","status":"publish","type":"post","link":"https:\/\/pt.gneenev.com\/zh\/product\/buick-electra-e7-2026.html","title":{"rendered":"Buick Electra E7 2026"},"content":{"rendered":"<p style=\"text-align: center;\"><img decoding=\"async\" src=\"https:\/\/pt.gneenev.com\/wp-content\/uploads\/2026\/04\/56031776074185.webp\"\/><\/p>\n<p><\/p>\n<p data-start=\"0\" data-end=\"478\">Cuando se habla del<strong> Buick Electra E7<\/strong> 2026, lo primero que llama la atenci\u00f3n es su dise\u00f1o exterior: no sigue ciegamente las tendencias exageradas del momento, sino que aterriza con precisi\u00f3n la esencia del dise\u00f1o \u201calas extendidas\u201d del concept SUV Electra. Sus l\u00edneas ligeras y afiladas dibujan directamente un frontal tipo \u201ctibur\u00f3n cortando el viento\u201d, lleno de dinamismo. En carretera, su nivel de reconocimiento es alt\u00edsimo; incluso con un vistazo r\u00e1pido, es dif\u00edcil olvidarlo.<\/p>\n<p data-start=\"0\" data-end=\"478\"><\/p>\n<p data-start=\"480\" data-end=\"1285\">El conjunto de luces delanteras divididas es el toque clave: en la parte superior, las luces diurnas en forma de \u201cC\u201d presentan un dise\u00f1o afilado y limpio, y al encenderse parecen unos ojos llenos de car\u00e1cter; en la parte inferior, los faros principales adoptan un dise\u00f1o tipo b\u00fameran, que hace un gui\u00f1o inteligente al sistema \u201cGalaxy Wing\u201d del <a href=\"https:\/\/pt.gneenev.com\/zh\/product\/buick-electra-l7-2025.html\/\" target=\"_self\" rel=\"noopener\"><strong>Electra L7<\/strong><\/a> de la misma familia, mostrando claramente el ADN de la marca en los detalles. Este sistema de iluminaci\u00f3n no es solo decorativo: gracias a su dise\u00f1o de matriz param\u00e9trica, ofrece un efecto visual \u00fanico al encenderse, elevando al m\u00e1ximo la sensaci\u00f3n tecnol\u00f3gica. Adem\u00e1s, la parrilla activa de admisi\u00f3n de aire en el paragolpes delantero no es un simple adorno, sino que optimiza realmente la aerodin\u00e1mica, haciendo la conducci\u00f3n m\u00e1s suave y eficiente.<\/p>\n<p data-start=\"480\" data-end=\"1285\"><\/p>\n<p data-start=\"1287\" data-end=\"2259\">Al pasar al lateral, las ventajas de tama\u00f1o del <strong>Buick Electra E7<\/strong> son evidentes: con unas dimensiones de 4850 mm \u00d7 1910 mm \u00d7 1676 mm y una distancia entre ejes de 2850 mm, se establece una base s\u00f3lida para un interior espacioso, algo especialmente valorado por los usuarios familiares. Las proporciones de la carrocer\u00eda son equilibradas, alargadas y llenas de presencia. Una l\u00ednea de cintura ondulada, como olas en movimiento, recorre todo el veh\u00edculo, combinando fuerza muscular con elegancia sin resultar pesada. Las llantas de 20 pulgadas con dise\u00f1o aerodin\u00e1mico, junto con neum\u00e1ticos Michelin, no solo aportan una imagen m\u00e1s imponente, sino que tambi\u00e9n mejoran la eficiencia aerodin\u00e1mica en movimiento, aumentando la estabilidad y reforzando el car\u00e1cter deportivo del veh\u00edculo. Cabe destacar las manillas semiocultas, que logran un equilibrio perfecto entre est\u00e9tica y practicidad, evitando la incomodidad de las manillas totalmente ocultas y facilitando el uso diario.<\/p>\n<p data-start=\"1287\" data-end=\"2259\"><\/p>\n<p data-start=\"2261\" data-end=\"3023\">La parte trasera es uno de los mayores atractivos del <strong>Buick Electra E7<\/strong>, incluso podr\u00eda considerarse un referente en su segmento. Las luces traseras continuas con dise\u00f1o interno en forma de pluma, al encenderse, parecen alas despleg\u00e1ndose lentamente, con un efecto din\u00e1mico que encaja perfectamente con su nombre \u201cGalaxy Wing\u201d. De noche, su reconocimiento es excepcional. Adem\u00e1s, el logotipo \u201c<a href=\"https:\/\/pt.gneenev.com\/zh\/?s=buick&#038;cat=3\" target=\"_self\" rel=\"noopener\"><strong>BUICK<\/strong><\/a>\u201d en el centro tambi\u00e9n es iluminado, reforzando a\u00fan m\u00e1s su car\u00e1cter tecnol\u00f3gico y mostrando una atenci\u00f3n al detalle sobresaliente. El peque\u00f1o aler\u00f3n en el techo, la luz de freno elevada y el panel negro del paragolpes trasero trabajan en conjunto para crear una est\u00e9tica deportiva sin perder refinamiento, aportando mayor sensaci\u00f3n de capas y profundidad al dise\u00f1o.<\/p>\n<p data-start=\"2261\" data-end=\"3023\"><\/p>\n<p data-start=\"3025\" data-end=\"3863\">Al entrar en el interior, el <strong>Buick Electra E7 <\/strong>demuestra plenamente su principal ventaja: el espacio. La distancia entre ejes de 2850 mm garantiza un amplio espacio tanto en la parte delantera como trasera. Incluso una persona de 1,75 m sentada en la segunda fila no sentir\u00e1 presi\u00f3n ni en las piernas ni en la cabeza, manteniendo la comodidad incluso en trayectos largos. M\u00e1s a\u00fan, el dise\u00f1o de suelo completamente plano en la parte trasera resuelve el problema del pasajero central, permitiendo que tres ocupantes viajen c\u00f3modamente sin tener que encoger las piernas. Adem\u00e1s, el dise\u00f1o de los espacios de almacenamiento es muy pr\u00e1ctico: consola central, compartimentos en puertas y portavasos delanteros permiten guardar f\u00e1cilmente objetos cotidianos como tel\u00e9fonos, llaves o botellas de agua, as\u00ed como cubrir necesidades en viajes largos.<\/p>\n<p data-start=\"3025\" data-end=\"3863\"><\/p>\n<p data-start=\"3865\" data-end=\"4992\">En cuanto a los asientos, el <strong>Buick Electra E7<\/strong> alcanza un nivel destacado dentro de su categor\u00eda. Todo el veh\u00edculo est\u00e1 equipado con asientos de cuatro capas flotantes, con una capa transpirable tipo \u201cnube\u201d que cubre respaldo, coj\u00edn y reposapiernas, junto con una estructura de soporte progresiva de 11 capas. Seg\u00fan pruebas, esto reduce eficazmente en un 21% los picos de presi\u00f3n, logrando un equilibrio ideal entre soporte y confort. Tanto en trayectos cortos como largos, ayuda a aliviar la fatiga. Adem\u00e1s, los asientos cuentan con certificaci\u00f3n OEKO-TEX\u00ae de nivel materno-infantil, utilizando materiales ecol\u00f3gicos de PU ultrasuave y espuma de alta densidad, ofreciendo un tacto delicado y agradable para la piel, adecuado incluso para personas sensibles, mayores o ni\u00f1os. El asiento del copiloto tipo \u201cgravedad cero Eames\u201d es otro punto destacado: con estructura ergon\u00f3mica de gravedad cero, permite ajustes el\u00e9ctricos en m\u00faltiples \u00e1ngulos en coj\u00edn, respaldo y reposapiernas, alcanzando una postura cercana a la de los astronautas, con \u00e1ngulos de 120\u00b0 en abdomen y piernas, proporcionando m\u00e1xima relajaci\u00f3n en viajes largos.<\/p>\n<p data-start=\"3865\" data-end=\"4992\"><\/p>\n<p data-start=\"4994\" data-end=\"5752\">En el apartado multimedia, el <strong>Buick Electra E7<\/strong> tampoco decepciona. Est\u00e1 equipado con un sistema de sonido envolvente 7.1.4 Dolby Atmos con 20 altavoces, capaz de reproducir con precisi\u00f3n cada detalle sonoro. Ya sea para escuchar m\u00fasica, ver pel\u00edculas o usar el sistema de navegaci\u00f3n, ofrece una experiencia inmersiva. Los 4 altavoces de techo y el altavoz exclusivo en el reposacabezas del conductor trabajan conjuntamente para crear un campo sonoro multidimensional, claro y envolvente, garantizando una calidad de sonido uniforme en todas las plazas. Adem\u00e1s, el sistema permite cambiar entre 4 escenarios de sonido y 3 modos de audio, adapt\u00e1ndose tanto a m\u00fasica relajante como a ritmos m\u00e1s intensos, satisfaciendo las necesidades de diferentes situaciones.<\/p>\n<p data-start=\"4994\" data-end=\"5752\"><\/p>\n<p data-start=\"5754\" data-end=\"5890\" data-is-last-node=\"\" data-is-only-node=\"\"><a href=\"https:\/\/api.whatsapp.com\/send?phone=8618437960706\" target=\"_self\" rel=\"noopener\"><strong>Le invitamos a ponerse en contacto con nosotros para obtener m\u00e1s informaci\u00f3n sobre el precio y las configuraciones del Buick Electra E7.<\/strong><\/a><\/p>\n<p><\/p>","protected":false},"excerpt":{"rendered":"<p>Cuando se habla del Buick Electra E7 2026, lo primero que llama la atenci\u00f3n es su dise\u00f1o exterior: no sigue ciegamente las tendencias exageradas del momento, sino que aterriza con precisi\u00f3n la esencia del dise\u00f1o \u201calas extendidas\u201d del concept SUV Electra. Sus l\u00edneas ligeras y afiladas dibujan directamente un frontal tipo \u201ctibur\u00f3n cortando el viento\u201d, lleno de dinamismo. En carretera, su nivel de reconocimiento es alt\u00edsimo; incluso con un vistazo r\u00e1pido, es dif\u00edcil olvidarlo. El conjunto de luces delanteras divididas es el toque clave: en la parte superior, las luces diurnas en forma de \u201cC\u201d presentan un dise\u00f1o afilado y limpio, y al encenderse parecen unos ojos llenos de car\u00e1cter; en la parte inferior, los faros principales adoptan un dise\u00f1o tipo b\u00fameran, que hace un gui\u00f1o inteligente al sistema \u201cGalaxy Wing\u201d del Electra L7 de la misma familia, mostrando claramente el ADN de la marca en los detalles. Este sistema de iluminaci\u00f3n no es solo decorativo: gracias a su dise\u00f1o de matriz param\u00e9trica, ofrece un efecto visual \u00fanico al encenderse, elevando al m\u00e1ximo la sensaci\u00f3n tecnol\u00f3gica. Adem\u00e1s, la parrilla activa de admisi\u00f3n de aire en el paragolpes delantero no es un simple adorno, sino que optimiza realmente la aerodin\u00e1mica, haciendo la conducci\u00f3n m\u00e1s suave y eficiente. Al pasar al lateral, las ventajas de tama\u00f1o del Buick Electra E7 son evidentes: [&hellip;]<\/p>","protected":false},"author":1,"featured_media":5619,"comment_status":"open","ping_status":"open","sticky":false,"template":"","format":"standard","meta":{"footnotes":""},"categories":[3,15,17],"tags":[],"acf":[],"_links":{"self":[{"href":"https:\/\/pt.gneenev.com\/zh\/wp-json\/wp\/v2\/posts\/5617"}],"collection":[{"href":"https:\/\/pt.gneenev.com\/zh\/wp-json\/wp\/v2\/posts"}],"about":[{"href":"https:\/\/pt.gneenev.com\/zh\/wp-json\/wp\/v2\/types\/post"}],"author":[{"embeddable":true,"href":"https:\/\/pt.gneenev.com\/zh\/wp-json\/wp\/v2\/users\/1"}],"replies":[{"embeddable":true,"href":"https:\/\/pt.gneenev.com\/zh\/wp-json\/wp\/v2\/comments?post=5617"}],"version-history":[{"count":2,"href":"https:\/\/pt.gneenev.com\/zh\/wp-json\/wp\/v2\/posts\/5617\/revisions"}],"predecessor-version":[{"id":5633,"href":"https:\/\/pt.gneenev.com\/zh\/wp-json\/wp\/v2\/posts\/5617\/revisions\/5633"}],"wp:featuredmedia":[{"embeddable":true,"href":"https:\/\/pt.gneenev.com\/zh\/wp-json\/wp\/v2\/media\/5619"}],"wp:attachment":[{"href":"https:\/\/pt.gneenev.com\/zh\/wp-json\/wp\/v2\/media?parent=5617"}],"wp:term":[{"taxonomy":"category","embeddable":true,"href":"https:\/\/pt.gneenev.com\/zh\/wp-json\/wp\/v2\/categories?post=5617"},{"taxonomy":"post_tag","embeddable":true,"href":"https:\/\/pt.gneenev.com\/zh\/wp-json\/wp\/v2\/tags?post=5617"}],"curies":[{"name":"wp","href":"https:\/\/api.w.org\/{rel}","templated":true}]}}