{"id":5912,"date":"2026-04-30T17:36:13","date_gmt":"2026-04-30T09:36:13","guid":{"rendered":"https:\/\/pt.gneenev.com\/?p=5912"},"modified":"2026-04-30T17:41:38","modified_gmt":"2026-04-30T09:41:38","slug":"geely-galaxy-m7-2026","status":"publish","type":"post","link":"https:\/\/pt.gneenev.com\/zh\/product\/geely-galaxy-m7-2026.html","title":{"rendered":"Geely Galaxy M7 2026"},"content":{"rendered":"<p style=\"text-align: center;\"><img decoding=\"async\" src=\"https:\/\/pt.gneenev.com\/wp-content\/uploads\/2026\/04\/15921777541588.webp\"\/><\/p>\n<p><\/p>\n<p data-start=\"80\" data-end=\"479\">A chegada do<strong> Geely Galaxy M7 2026<\/strong> eleva a est\u00e9tica de design da fam\u00edlia Galaxy e a capacidade de uso familiar a um novo n\u00edvel. O novo ve\u00edculo n\u00e3o apenas herda integralmente a linguagem de design ic\u00f4nica \u201cOndas de Luz\u201d da fam\u00edlia Galaxy, como tamb\u00e9m incorpora um novo estilo de dianteira exclusivo da s\u00e9rie M, alcan\u00e7ando uma dupla evolu\u00e7\u00e3o na identidade visual e no n\u00edvel de refinamento dos detalhes.<\/p>\n<p data-start=\"80\" data-end=\"479\"><\/p>\n<p data-start=\"481\" data-end=\"1503\">A parte frontal adota uma grade fechada, combinada com uma faixa de luz diurna LED cont\u00ednua, que se integra perfeitamente aos far\u00f3is afilados nas laterais, formando uma linha visual fluida e cont\u00ednua. Quando acesa \u00e0 noite, a sensa\u00e7\u00e3o tecnol\u00f3gica do ve\u00edculo \u00e9 elevada ao m\u00e1ximo. As entradas de ar nas duas extremidades inferiores da grade s\u00e3o fechadas, complementadas por elementos cromados prateados dispostos verticalmente, o que n\u00e3o apenas melhora a aerodin\u00e2mica do ve\u00edculo, mas tamb\u00e9m refor\u00e7a a sensa\u00e7\u00e3o de camadas visuais na dianteira. Os far\u00f3is LED de formato alongado incorporam fontes de luz de alta precis\u00e3o e suportam fun\u00e7\u00e3o de acionamento autom\u00e1tico, tornando o uso di\u00e1rio mais conveniente; o logotipo Galaxy no centro da grade harmoniza perfeitamente com os detalhes cromados ao redor. Toda a dianteira elimina elementos decorativos desnecess\u00e1rios, alcan\u00e7ando um equil\u00edbrio preciso entre a suavidade da est\u00e9tica oriental e a efici\u00eancia aerodin\u00e2mica, transmitindo uma presen\u00e7a est\u00e1vel e elegante no uso familiar.<\/p>\n<p data-start=\"481\" data-end=\"1503\"><\/p>\n<p data-start=\"1505\" data-end=\"2554\">Na lateral, o <strong>Geely Galaxy M7 <\/strong>adota um design de SUV coup\u00e9 com linha de teto inclinada. A linha do teto desce suavemente a partir da coluna B, enquanto a coluna D com acabamento escurecido cria o cl\u00e1ssico efeito de teto flutuante, trazendo uma forte sensa\u00e7\u00e3o de dinamismo. As dimens\u00f5es do ve\u00edculo foram totalmente ampliadas, com comprimento, largura e altura de 4770\u00d71905\u00d71685 mm, e uma dist\u00e2ncia entre eixos de 2785 mm. Em compara\u00e7\u00e3o com o <a href=\"https:\/\/pt.gneenev.com\/zh\/?s=Geely Galaxy&#038;cat=3\" target=\"_self\" rel=\"noopener\"><strong>Geely Galaxy<\/strong><\/a><strong> L7<\/strong>, o comprimento aumenta em 60 mm e a dist\u00e2ncia entre eixos em 20 mm, uma evolu\u00e7\u00e3o real que estabelece uma base s\u00f3lida para o espa\u00e7o do banco traseiro. A linha de cintura do ve\u00edculo se eleva na \u00e1rea da porta traseira e se estende at\u00e9 a traseira, desenhando uma silhueta cheia e com sensa\u00e7\u00e3o de for\u00e7a; combinada com rodas esportivas de m\u00faltiplos raios de 18 polegadas, refor\u00e7a ainda mais o car\u00e1ter esportivo. A parte inferior das portas conta com frisos de prote\u00e7\u00e3o pr\u00e1ticos, que ajudam a evitar pequenos arranh\u00f5es no uso di\u00e1rio e em estacionamentos, maximizando a praticidade para uso familiar.<\/p>\n<p data-start=\"1505\" data-end=\"2554\"><\/p>\n<p data-start=\"2556\" data-end=\"3470\">A traseira segue uma linha de design simples e elegante, em harmonia com a linguagem visual da dianteira. O principal destaque \u00e9 o conjunto de lanternas traseiras cont\u00ednuas, com ilumina\u00e7\u00e3o uniforme e excelente visibilidade \u00e0 noite. A parte inferior do para-choque traseiro incorpora um difusor de dupla se\u00e7\u00e3o, refor\u00e7ando o visual esportivo, enquanto o escapamento oculto torna o design mais limpo e organizado. A tampa do porta-malas apresenta uma leve eleva\u00e7\u00e3o formando um discreto \u201cducktail\u201d, que al\u00e9m de melhorar a est\u00e9tica, tamb\u00e9m contribui para o desempenho aerodin\u00e2mico e a estabilidade em altas velocidades. O porta-malas possui formato regular e atende plenamente \u00e0s necessidades di\u00e1rias da fam\u00edlia; os bancos traseiros podem ser rebatidos para ampliar ainda mais o espa\u00e7o de carga, permitindo transportar objetos grandes com facilidade. Detalhes cromados na traseira tamb\u00e9m elevam o n\u00edvel de sofistica\u00e7\u00e3o.<\/p>\n<p data-start=\"2556\" data-end=\"3470\"><\/p>\n<p data-start=\"3472\" data-end=\"4449\">Ao entrar no interior, o<strong> Geely Galaxy M7 2026<\/strong> equilibra perfeitamente atmosfera e praticidade. A \u00e1rea central \u00e9 equipada com uma grande tela flutuante sens\u00edvel ao toque, com o sistema inteligente Flyme Auto, oferecendo opera\u00e7\u00e3o fluida e sem travamentos, al\u00e9m de suportar comandos de voz, navega\u00e7\u00e3o e outras fun\u00e7\u00f5es pr\u00e1ticas de alta frequ\u00eancia, proporcionando uma excelente experi\u00eancia tecnol\u00f3gica no uso di\u00e1rio. A \u00e1rea do apoio de bra\u00e7o central mant\u00e9m diversos bot\u00f5es f\u00edsicos para fun\u00e7\u00f5es essenciais, combinados com um seletor de controle com acabamento tipo cristal, o que melhora significativamente a usabilidade sem olhar e adiciona um toque de luxo ao habit\u00e1culo. Em termos de espa\u00e7o, a longa dist\u00e2ncia entre eixos de 2785 mm proporciona amplo espa\u00e7o para as pernas no banco traseiro; mesmo um adulto de 180 cm encontra espa\u00e7o suficiente. O piso traseiro \u00e9 quase totalmente plano, garantindo conforto at\u00e9 para o passageiro central em viagens longas, sem sensa\u00e7\u00e3o de aperto.<\/p>\n<p data-start=\"3472\" data-end=\"4449\"><\/p>\n<p data-start=\"4451\" data-end=\"4555\" data-is-last-node=\"\" data-is-only-node=\"\"><a href=\"https:\/\/api.whatsapp.com\/send?phone=8618437960706\" target=\"_self\" rel=\"noopener\"><strong>Caso deseje obter informa\u00e7\u00f5es sobre pre\u00e7os e configura\u00e7\u00f5es do Geely Galaxy M7, entre em contato conosco.<\/strong><\/a><\/p>\n<p><\/p>","protected":false},"excerpt":{"rendered":"<p>A chegada do Geely Galaxy M7 2026 eleva a est\u00e9tica de design da fam\u00edlia Galaxy e a capacidade de uso familiar a um novo n\u00edvel. O novo ve\u00edculo n\u00e3o apenas herda integralmente a linguagem de design ic\u00f4nica \u201cOndas de Luz\u201d da fam\u00edlia Galaxy, como tamb\u00e9m incorpora um novo estilo de dianteira exclusivo da s\u00e9rie M, alcan\u00e7ando uma dupla evolu\u00e7\u00e3o na identidade visual e no n\u00edvel de refinamento dos detalhes. A parte frontal adota uma grade fechada, combinada com uma faixa de luz diurna LED cont\u00ednua, que se integra perfeitamente aos far\u00f3is afilados nas laterais, formando uma linha visual fluida e cont\u00ednua. Quando acesa \u00e0 noite, a sensa\u00e7\u00e3o tecnol\u00f3gica do ve\u00edculo \u00e9 elevada ao m\u00e1ximo. As entradas de ar nas duas extremidades inferiores da grade s\u00e3o fechadas, complementadas por elementos cromados prateados dispostos verticalmente, o que n\u00e3o apenas melhora a aerodin\u00e2mica do ve\u00edculo, mas tamb\u00e9m refor\u00e7a a sensa\u00e7\u00e3o de camadas visuais na dianteira. Os far\u00f3is LED de formato alongado incorporam fontes de luz de alta precis\u00e3o e suportam fun\u00e7\u00e3o de acionamento autom\u00e1tico, tornando o uso di\u00e1rio mais conveniente; o logotipo Galaxy no centro da grade harmoniza perfeitamente com os detalhes cromados ao redor. Toda a dianteira elimina elementos decorativos desnecess\u00e1rios, alcan\u00e7ando um equil\u00edbrio preciso entre a suavidade da est\u00e9tica oriental e a efici\u00eancia aerodin\u00e2mica, transmitindo uma presen\u00e7a est\u00e1vel e elegante no [&hellip;]<\/p>","protected":false},"author":1,"featured_media":5917,"comment_status":"open","ping_status":"open","sticky":false,"template":"","format":"standard","meta":{"footnotes":""},"categories":[3,15,17],"tags":[],"acf":[],"_links":{"self":[{"href":"https:\/\/pt.gneenev.com\/zh\/wp-json\/wp\/v2\/posts\/5912"}],"collection":[{"href":"https:\/\/pt.gneenev.com\/zh\/wp-json\/wp\/v2\/posts"}],"about":[{"href":"https:\/\/pt.gneenev.com\/zh\/wp-json\/wp\/v2\/types\/post"}],"author":[{"embeddable":true,"href":"https:\/\/pt.gneenev.com\/zh\/wp-json\/wp\/v2\/users\/1"}],"replies":[{"embeddable":true,"href":"https:\/\/pt.gneenev.com\/zh\/wp-json\/wp\/v2\/comments?post=5912"}],"version-history":[{"count":2,"href":"https:\/\/pt.gneenev.com\/zh\/wp-json\/wp\/v2\/posts\/5912\/revisions"}],"predecessor-version":[{"id":5916,"href":"https:\/\/pt.gneenev.com\/zh\/wp-json\/wp\/v2\/posts\/5912\/revisions\/5916"}],"wp:featuredmedia":[{"embeddable":true,"href":"https:\/\/pt.gneenev.com\/zh\/wp-json\/wp\/v2\/media\/5917"}],"wp:attachment":[{"href":"https:\/\/pt.gneenev.com\/zh\/wp-json\/wp\/v2\/media?parent=5912"}],"wp:term":[{"taxonomy":"category","embeddable":true,"href":"https:\/\/pt.gneenev.com\/zh\/wp-json\/wp\/v2\/categories?post=5912"},{"taxonomy":"post_tag","embeddable":true,"href":"https:\/\/pt.gneenev.com\/zh\/wp-json\/wp\/v2\/tags?post=5912"}],"curies":[{"name":"wp","href":"https:\/\/api.w.org\/{rel}","templated":true}]}}